{"@context":"https:\/\/schema.org\/","@type":"CollectionPage","@id":"https:\/\/www.alast.cz\/veda\/#CollectionPage","headline":"V\u011bda Category","description":"","url":"https:\/\/www.alast.cz\/veda\/","hasPart":[{"@type":"Article","@id":"https:\/\/www.alast.cz\/proc-je-na-severnim-polu-mensi-zima-nez-na-jiznim\/","headline":"Pro\u010d je na severn\u00edm p\u00f3lu men\u0161\u00ed zima ne\u017e na ji\u017en\u00edm","url":"https:\/\/www.alast.cz\/proc-je-na-severnim-polu-mensi-zima-nez-na-jiznim\/","datePublished":"2024-04-27","dateModified":"2024-04-27","mainEntityOfPage":"https:\/\/www.alast.cz\/proc-je-na-severnim-polu-mensi-zima-nez-na-jiznim\/","author":{"@type":"Person","@id":"https:\/\/www.alast.cz\/author\/#Person","name":"","url":"https:\/\/www.alast.cz\/author\/","identifier":1,"image":{"@type":"ImageObject","@id":"https:\/\/secure.gravatar.com\/avatar\/591310831c6f562dead2685065c7bfb166baf64da6e0332ad9d0a2e9c6c14446?s=96&d=mm&r=g","url":"https:\/\/secure.gravatar.com\/avatar\/591310831c6f562dead2685065c7bfb166baf64da6e0332ad9d0a2e9c6c14446?s=96&d=mm&r=g","height":96,"width":96}},"publisher":{"@type":"Organization","name":"alast.cz","logo":{"@type":"ImageObject","@id":"\/logo.png","url":"\/logo.png","width":600,"height":60}},"image":{"@type":"ImageObject","@id":"https:\/\/www.alast.cz\/wp-content\/uploads\/antarktida1_8.jpg","url":"https:\/\/www.alast.cz\/wp-content\/uploads\/antarktida1_8.jpg","height":0,"width":0},"keywords":null},{"@type":"Article","@id":"https:\/\/www.alast.cz\/mesic-a-posmrtny-zivot\/","headline":"M\u011bs\u00edc a posmrtn\u00fd \u017eivot","url":"https:\/\/www.alast.cz\/mesic-a-posmrtny-zivot\/","datePublished":"2023-04-26","dateModified":"2024-02-26","mainEntityOfPage":"https:\/\/www.alast.cz\/mesic-a-posmrtny-zivot\/","author":{"@type":"Person","@id":"https:\/\/www.alast.cz\/author\/#Person","name":"","url":"https:\/\/www.alast.cz\/author\/","identifier":1,"image":{"@type":"ImageObject","@id":"https:\/\/secure.gravatar.com\/avatar\/591310831c6f562dead2685065c7bfb166baf64da6e0332ad9d0a2e9c6c14446?s=96&d=mm&r=g","url":"https:\/\/secure.gravatar.com\/avatar\/591310831c6f562dead2685065c7bfb166baf64da6e0332ad9d0a2e9c6c14446?s=96&d=mm&r=g","height":96,"width":96}},"publisher":{"@type":"Organization","name":"alast.cz","logo":{"@type":"ImageObject","@id":"\/logo.png","url":"\/logo.png","width":600,"height":60}},"image":{"@type":"ImageObject","@id":"https:\/\/www.alast.cz\/wp-content\/uploads\/planet-11613_1280.jpg","url":"https:\/\/www.alast.cz\/wp-content\/uploads\/planet-11613_1280.jpg","height":0,"width":0},"keywords":null},{"@type":"Article","@id":"https:\/\/www.alast.cz\/co-se-stalo-s-neandrtalci\/","headline":"Co se stalo s neandrt\u00e1lci","url":"https:\/\/www.alast.cz\/co-se-stalo-s-neandrtalci\/","datePublished":"2022-12-28","dateModified":"2023-09-29","mainEntityOfPage":"https:\/\/www.alast.cz\/co-se-stalo-s-neandrtalci\/","author":{"@type":"Person","@id":"https:\/\/www.alast.cz\/author\/#Person","name":"","url":"https:\/\/www.alast.cz\/author\/","identifier":1,"image":{"@type":"ImageObject","@id":"https:\/\/secure.gravatar.com\/avatar\/591310831c6f562dead2685065c7bfb166baf64da6e0332ad9d0a2e9c6c14446?s=96&d=mm&r=g","url":"https:\/\/secure.gravatar.com\/avatar\/591310831c6f562dead2685065c7bfb166baf64da6e0332ad9d0a2e9c6c14446?s=96&d=mm&r=g","height":96,"width":96}},"publisher":{"@type":"Organization","name":"alast.cz","logo":{"@type":"ImageObject","@id":"\/logo.png","url":"\/logo.png","width":600,"height":60}},"image":{"@type":"ImageObject","@id":"https:\/\/www.alast.cz\/wp-content\/uploads\/praclovek1_2.png","url":"https:\/\/www.alast.cz\/wp-content\/uploads\/praclovek1_2.png","height":0,"width":0},"keywords":null},{"@type":"Article","@id":"https:\/\/www.alast.cz\/veda-a-teorie\/","headline":"V\u011bda a teorie","url":"https:\/\/www.alast.cz\/veda-a-teorie\/","datePublished":"2022-11-22","dateModified":"2023-08-23","mainEntityOfPage":"https:\/\/www.alast.cz\/veda-a-teorie\/","author":{"@type":"Person","@id":"https:\/\/www.alast.cz\/author\/#Person","name":"","url":"https:\/\/www.alast.cz\/author\/","identifier":1,"image":{"@type":"ImageObject","@id":"https:\/\/secure.gravatar.com\/avatar\/591310831c6f562dead2685065c7bfb166baf64da6e0332ad9d0a2e9c6c14446?s=96&d=mm&r=g","url":"https:\/\/secure.gravatar.com\/avatar\/591310831c6f562dead2685065c7bfb166baf64da6e0332ad9d0a2e9c6c14446?s=96&d=mm&r=g","height":96,"width":96}},"publisher":{"@type":"Organization","name":"alast.cz","logo":{"@type":"ImageObject","@id":"\/logo.png","url":"\/logo.png","width":600,"height":60}},"image":{"@type":"ImageObject","@id":"https:\/\/www.alast.cz\/wp-content\/uploads\/circle-5090539_1280_1.jpg","url":"https:\/\/www.alast.cz\/wp-content\/uploads\/circle-5090539_1280_1.jpg","height":0,"width":0},"keywords":null},{"@type":"Article","@id":"https:\/\/www.alast.cz\/ne-kazdy-se-stane-vedcem\/","headline":"Ne ka\u017ed\u00fd se stane v\u011bdcem","url":"https:\/\/www.alast.cz\/ne-kazdy-se-stane-vedcem\/","datePublished":"2021-12-14","dateModified":"2021-12-14","mainEntityOfPage":"https:\/\/www.alast.cz\/ne-kazdy-se-stane-vedcem\/","author":{"@type":"Person","@id":"https:\/\/www.alast.cz\/author\/#Person","name":"","url":"https:\/\/www.alast.cz\/author\/","identifier":1,"image":{"@type":"ImageObject","@id":"https:\/\/secure.gravatar.com\/avatar\/591310831c6f562dead2685065c7bfb166baf64da6e0332ad9d0a2e9c6c14446?s=96&d=mm&r=g","url":"https:\/\/secure.gravatar.com\/avatar\/591310831c6f562dead2685065c7bfb166baf64da6e0332ad9d0a2e9c6c14446?s=96&d=mm&r=g","height":96,"width":96}},"publisher":{"@type":"Organization","name":"alast.cz","logo":{"@type":"ImageObject","@id":"\/logo.png","url":"\/logo.png","width":600,"height":60}},"image":{"@type":"ImageObject","@id":"https:\/\/www.alast.cz\/wp-content\/uploads\/v%C4%9Bda1.jpg","url":"https:\/\/www.alast.cz\/wp-content\/uploads\/v%C4%9Bda1.jpg","height":0,"width":0},"keywords":null},{"@type":"Article","@id":"https:\/\/www.alast.cz\/budoucnost-je-tady-presune-se-lidstvo-na-mars\/","headline":"Budoucnost je tady. P\u0159esune se lidstvo na Mars?","url":"https:\/\/www.alast.cz\/budoucnost-je-tady-presune-se-lidstvo-na-mars\/","datePublished":"2020-01-07","dateModified":"2020-01-07","mainEntityOfPage":"https:\/\/www.alast.cz\/budoucnost-je-tady-presune-se-lidstvo-na-mars\/","author":{"@type":"Person","@id":"https:\/\/www.alast.cz\/author\/#Person","name":"","url":"https:\/\/www.alast.cz\/author\/","identifier":1,"image":{"@type":"ImageObject","@id":"https:\/\/secure.gravatar.com\/avatar\/591310831c6f562dead2685065c7bfb166baf64da6e0332ad9d0a2e9c6c14446?s=96&d=mm&r=g","url":"https:\/\/secure.gravatar.com\/avatar\/591310831c6f562dead2685065c7bfb166baf64da6e0332ad9d0a2e9c6c14446?s=96&d=mm&r=g","height":96,"width":96}},"publisher":{"@type":"Organization","name":"alast.cz","logo":{"@type":"ImageObject","@id":"\/logo.png","url":"\/logo.png","width":600,"height":60}},"image":{"@type":"ImageObject","@id":"https:\/\/www.alast.cz\/wp-content\/uploads\/img_a366918_w4282_t1579424275.jpg","url":"https:\/\/www.alast.cz\/wp-content\/uploads\/img_a366918_w4282_t1579424275.jpg","height":0,"width":0},"keywords":null}]}