[{"@context":"https:\/\/schema.org\/","@type":"Article","@id":"https:\/\/www.alast.cz\/staci-kaminek-a-nestesti-je-na-svete\/#Article","mainEntityOfPage":"https:\/\/www.alast.cz\/staci-kaminek-a-nestesti-je-na-svete\/","headline":"Sta\u010d\u00ed kam\u00ednek a ne\u0161t\u011bst\u00ed je na sv\u011bt\u011b","name":"Sta\u010d\u00ed kam\u00ednek a ne\u0161t\u011bst\u00ed je na sv\u011bt\u011b","description":"Mnoho z n\u00e1s pou\u017e\u00edv\u00e1 dennodenn\u011b ke sv\u00e9mu pohybu mobiln\u00ed v\u016fz. A\u0165 u\u017e to je v\u00e1\u0161 p\u0159ibli\u017eovac\u00ed prost\u0159edek do pr\u00e1ce, nebo prost\u0159edek pro va\u0161i z\u00e1bavu, v\u017edy v\u00e1s dok\u00e1\u017ee zneklidnit, ba dokonce roz\u010d\u00edlit, kdy\u017e v\u00e1m mal\u00fd kam\u00ednek vlet\u00ed do cesty a po\u0161kod\u00ed va\u0161e autosklo. Ka\u017ed\u00fd jist\u011b v\u00ed, \u017ee pr\u00e1v\u011b tyto \u010d\u00e1sti vozu jsou velmi drah\u00e9. Hlavn\u011b origin\u00e1ln\u00ed &hellip; <a href=\"https:\/\/www.alast.cz\/staci-kaminek-a-nestesti-je-na-svete\/\" class=\"more-link\">Continue reading <span class=\"screen-reader-text\">Sta\u010d\u00ed kam\u00ednek a ne\u0161t\u011bst\u00ed je na sv\u011bt\u011b<\/span><\/a>","datePublished":"2023-07-18","dateModified":"2023-07-18","author":{"@type":"Person","@id":"https:\/\/www.alast.cz\/author\/#Person","name":"","url":"https:\/\/www.alast.cz\/author\/","identifier":1,"image":{"@type":"ImageObject","@id":"https:\/\/secure.gravatar.com\/avatar\/591310831c6f562dead2685065c7bfb166baf64da6e0332ad9d0a2e9c6c14446?s=96&d=mm&r=g","url":"https:\/\/secure.gravatar.com\/avatar\/591310831c6f562dead2685065c7bfb166baf64da6e0332ad9d0a2e9c6c14446?s=96&d=mm&r=g","height":96,"width":96}},"publisher":{"@type":"Organization","name":"alast.cz","logo":{"@type":"ImageObject","@id":"\/logo.png","url":"\/logo.png","width":600,"height":60}},"url":"https:\/\/www.alast.cz\/staci-kaminek-a-nestesti-je-na-svete\/","wordCount":252,"articleBody":"Mnoho z n\u00e1s pou\u017e\u00edv\u00e1 dennodenn\u011b ke sv\u00e9mu pohybu mobiln\u00ed v\u016fz. A\u0165 u\u017e to je v\u00e1\u0161 p\u0159ibli\u017eovac\u00ed prost\u0159edek do pr\u00e1ce, nebo prost\u0159edek pro va\u0161i z\u00e1bavu, v\u017edy v\u00e1s dok\u00e1\u017ee zneklidnit, ba dokonce roz\u010d\u00edlit, kdy\u017e v\u00e1m mal\u00fd kam\u00ednek vlet\u00ed do cesty a po\u0161kod\u00ed va\u0161e autosklo. Ka\u017ed\u00fd jist\u011b v\u00ed, \u017ee pr\u00e1v\u011b tyto \u010d\u00e1sti vozu jsou velmi drah\u00e9. Hlavn\u011b origin\u00e1ln\u00ed d\u00edly jsou mimo\u0159\u00e1dn\u011b finan\u010dn\u011b n\u00e1ro\u010dn\u00e9, a tak se \u010dast\u011bji vyplat\u00ed dan\u00e9 po\u0161kozen\u00ed pouze opravit. Pokud proto pot\u0159ebujete pomoci s va\u0161\u00edm vozem, p\u0159ije\u010fte k n\u00e1m. Autosklo Praha v\u00e1m u\u0161et\u0159\u00ed mnoho starost\u00ed a postar\u00e1 se o v\u0161echny neduhy.Neztr\u00e1cejte \u010das poji\u0161\u0165ovnamiLep\u0161\u00ed ov\u0161em je, kdy\u017e v\u0161e m\u00e1te poji\u0161t\u011bn\u00e9. To v\u00e1m pot\u00e9 odpad\u00e1 mnoho starost\u00ed s placen\u00edm vysok\u00fdch \u010d\u00e1stek. Je ale velmi nep\u0159\u00edjemn\u00e9, kdy\u017e se mus\u00edte t\u011bmito z\u00e1le\u017eitostmi zab\u00fdvat, pon\u011bvad\u017e je to zdlouhav\u00e9. I proto byste m\u011bli p\u0159ijet k n\u00e1m. Ve\u0161ker\u00e9 z\u00e1le\u017eitosti, kter\u00e9 by se t\u00fdkali pap\u00edrovan\u00ed, anebo n\u00e1v\u0161t\u011bv poji\u0161\u0165oven, vy\u0159\u00edd\u00edme za v\u00e1s. T\u00edm jsme od ostatn\u00edch servis\u016f v\u00fdjime\u010dn\u00ed. Jsme tu jen pro v\u00e1s, a tak n\u00e1s nev\u00e1hejte nav\u0161t\u00edvit, kdy\u017e se na v\u0161em voze objev\u00ed nep\u0159\u00edjemn\u00fd probl\u00e9m.                                                                                                                                                                                                                                                                                                                                                                                        4.2\/5 - (8 votes)        "},{"@context":"https:\/\/schema.org\/","@type":"BreadcrumbList","itemListElement":[{"@type":"ListItem","position":1,"name":"Sta\u010d\u00ed kam\u00ednek a ne\u0161t\u011bst\u00ed je na sv\u011bt\u011b","item":"https:\/\/www.alast.cz\/staci-kaminek-a-nestesti-je-na-svete\/#breadcrumbitem"}]}]