[{"@context":"https:\/\/schema.org\/","@type":"Article","@id":"https:\/\/www.alast.cz\/rychle-stehovani-aneb-kdyz-nemate-kam-ulozit-sve-veci\/#Article","mainEntityOfPage":"https:\/\/www.alast.cz\/rychle-stehovani-aneb-kdyz-nemate-kam-ulozit-sve-veci\/","headline":"Rychl\u00e9 st\u011bhov\u00e1n\u00ed aneb kdy\u017e nem\u00e1te kam ulo\u017eit sv\u00e9 v\u011bci","name":"Rychl\u00e9 st\u011bhov\u00e1n\u00ed aneb kdy\u017e nem\u00e1te kam ulo\u017eit sv\u00e9 v\u011bci","description":"St\u011bhov\u00e1n\u00ed m\u016f\u017ee m\u00edt mnoho podob a jedn\u00edm z nich je i p\u0159esun vybaven\u00ed m\u011bstsk\u00e9ho bytu na rekrea\u010dn\u00ed chatu, kdy\u017e jste se rozhodli s m\u011bstem skoncovat a bydlet na poklidn\u011bj\u0161\u00edm m\u00edst\u011b. O v\u00fdhod\u00e1ch bydlen\u00ed v rekrea\u010dn\u00ed oblasti jist\u011b nen\u00ed t\u0159eba ps\u00e1t dlouh\u00e9 stati, posta\u010d\u00ed p\u0159ipomenout, \u017ee tu m\u00e1te v\u00edce klidu a jste tu m\u00e9n\u011b zasa\u017eeni stresem, &hellip; <a href=\"https:\/\/www.alast.cz\/rychle-stehovani-aneb-kdyz-nemate-kam-ulozit-sve-veci\/\" class=\"more-link\">Continue reading <span class=\"screen-reader-text\">Rychl\u00e9 st\u011bhov\u00e1n\u00ed aneb kdy\u017e nem\u00e1te kam ulo\u017eit sv\u00e9 v\u011bci<\/span><\/a>","datePublished":"2023-07-15","dateModified":"2023-08-18","author":{"@type":"Person","@id":"https:\/\/www.alast.cz\/author\/#Person","name":"","url":"https:\/\/www.alast.cz\/author\/","identifier":1,"image":{"@type":"ImageObject","@id":"https:\/\/secure.gravatar.com\/avatar\/591310831c6f562dead2685065c7bfb166baf64da6e0332ad9d0a2e9c6c14446?s=96&d=mm&r=g","url":"https:\/\/secure.gravatar.com\/avatar\/591310831c6f562dead2685065c7bfb166baf64da6e0332ad9d0a2e9c6c14446?s=96&d=mm&r=g","height":96,"width":96}},"publisher":{"@type":"Organization","name":"alast.cz","logo":{"@type":"ImageObject","@id":"\/logo.png","url":"\/logo.png","width":600,"height":60}},"image":{"@type":"ImageObject","@id":"https:\/\/www.alast.cz\/wp-content\/uploads\/shipping-82339_640.jpg","url":"https:\/\/www.alast.cz\/wp-content\/uploads\/shipping-82339_640.jpg","height":0,"width":0},"url":"https:\/\/www.alast.cz\/rychle-stehovani-aneb-kdyz-nemate-kam-ulozit-sve-veci\/","about":["Byznys"],"wordCount":411,"articleBody":"      St\u011bhov\u00e1n\u00ed m\u016f\u017ee m\u00edt mnoho podob a jedn\u00edm z nich je i p\u0159esun vybaven\u00ed m\u011bstsk\u00e9ho bytu na rekrea\u010dn\u00ed chatu, kdy\u017e jste se rozhodli s m\u011bstem skoncovat a bydlet na poklidn\u011bj\u0161\u00edm m\u00edst\u011b. O v\u00fdhod\u00e1ch bydlen\u00ed v rekrea\u010dn\u00ed oblasti jist\u011b nen\u00ed t\u0159eba ps\u00e1t dlouh\u00e9 stati, posta\u010d\u00ed p\u0159ipomenout, \u017ee tu m\u00e1te v\u00edce klidu a jste tu m\u00e9n\u011b zasa\u017eeni stresem, pokud si \u017eivot v\u00fdrazn\u011b nezkomplikujete. \u017divotn\u00ed komplikac\u00ed se m\u016f\u017ee ov\u0161em st\u00e1t i samotn\u00e9 st\u011bhov\u00e1n\u00ed, jestli\u017ee zjist\u00edte, \u017ee m\u00e1te v objektu tak m\u00e1lo m\u00edsta, \u017ee se tam va\u0161e v\u011bci prost\u011b nevejdou. Co te\u010f? Pravda, v takov\u00e9 situaci je pozd\u011b a jen st\u011b\u017e\u00ed se hled\u00e1 vhodn\u00e9 \u0159e\u0161en\u00ed, a tak je lep\u0161\u00ed na toto myslet v p\u0159edstihu a zajistit p\u0159\u00edsun do\u010dasn\u00fdch \u00falo\u017en\u00fdch prostor, co\u017e m\u016f\u017ee b\u00fdt nap\u0159\u00edklad skladov\u00fd kontejner pron\u00e1jem. Skladov\u00e9 kontejnery jsou ocelov\u00e9 p\u0159epravn\u00ed z\u00e1sobn\u00edky na zbo\u017e\u00ed, kter\u00e9 v nich putuje n\u00e1mo\u0159n\u00ed \u010di pozemn\u00ed dopravou nap\u0159\u00ed\u010d kontinenty. Kontejnery jsou velmi robustn\u00ed a pevn\u00e9 a m\u016f\u017eete je vyskl\u00e1dat t\u0159eba do p\u011bti \u0159ad na sebe a bez probl\u00e9m\u016f snesou plavbu po mo\u0159i. Rozm\u011bry mal\u00e9ho kontejneru jsou \u0161est metr\u016f na d\u00e9lku a v pr\u016f\u0159ezu \u010dtverec o hran\u011b dva a p\u016fl metru. Toto je dostate\u010dn\u011b velk\u00fd objem na ulo\u017een\u00ed vybaven\u00ed dvoupokojov\u00e9ho bytu, pokud nepo\u010d\u00edt\u00e1me kuchy\u0148kou linku, a jde o n\u00e1bytek rozeb\u00edrateln\u00fd. Je-li zapot\u0159eb\u00ed ulo\u017eit v\u011bci do v\u011bt\u0161\u00edho z\u00e1sobn\u00edku, pak existuj\u00ed je\u0161t\u011b kontejnery dlouh\u00e9 dvan\u00e1ct metr\u016f, p\u0159\u00edpadn\u011b si pronajmete kontejnery dva nebo t\u0159i, co\u017e ov\u0161em u\u017e b\u00fdv\u00e1 sp\u00ed\u0161e v\u00fdjime\u010dn\u00e9.Pron\u00e1jem skladov\u00fdch kontejner\u016f je ji\u017e osv\u011bd\u010denou slu\u017ebou. Jedin\u00e9, co pot\u0159ebujete, je dostate\u010dn\u011b velk\u00fd voln\u00fd prostor na jeho pokl\u00e1dku, a umo\u017en\u011bn\u00ed p\u0159\u00edjezdu n\u00e1kladn\u00edho vozidla s je\u0159\u00e1bovou n\u00e1stavbou, kter\u00e1 kontejner  polo\u017e\u00ed ? na sv\u00e9 m\u00edsto. Kontejner je mo\u017eno m\u00edt pronajat\u00fd kr\u00e1tkodob\u011b, i na del\u0161\u00ed \u010das, nap\u0159\u00edklad v \u0159\u00e1du m\u011bs\u00edc\u016f, co\u017e se hod\u00ed zejm\u00e9na pro p\u0159\u00edpady rekonstrukc\u00ed objekt\u016f. Pron\u00e1jmy jsou k dispozici po cel\u00fd rok, bez ohledu na po\u010das\u00ed a ro\u010dn\u00ed obdob\u00ed.                                                                                                                                                                                                                                                                                                                                                                                          3.7\/5 - (7 votes)        "},{"@context":"https:\/\/schema.org\/","@type":"BreadcrumbList","itemListElement":[{"@type":"ListItem","position":1,"name":"Rychl\u00e9 st\u011bhov\u00e1n\u00ed aneb kdy\u017e nem\u00e1te kam ulo\u017eit sv\u00e9 v\u011bci","item":"https:\/\/www.alast.cz\/rychle-stehovani-aneb-kdyz-nemate-kam-ulozit-sve-veci\/#breadcrumbitem"}]}]