[{"@context":"https:\/\/schema.org\/","@type":"Blog","@id":"https:\/\/www.alast.cz#Blog","headline":"Alast","description":"\nNa \u010dlov\u011bka se toho n\u011bkdy naval\u00ed tolik, \u017ee by to tento nejrad\u011bji vzdal. Ale bylo by to hloup\u00e9 a zbyte\u010dn\u00e9, kdy\u017e lze nal\u00e9zt \u017e\u00e1douc\u00ed podporu na na\u0161em webu.","url":"https:\/\/www.alast.cz","hasPart":[{"@type":"Article","@id":"https:\/\/www.alast.cz\/prima-bazen\/","headline":"Prima baz\u00e9n","url":"https:\/\/www.alast.cz\/prima-bazen\/","datePublished":"2023-07-10","dateModified":"2023-08-10","mainEntityOfPage":"https:\/\/www.alast.cz\/prima-bazen\/","author":{"@type":"Person","@id":"https:\/\/www.alast.cz\/author\/#Person","name":"","url":"https:\/\/www.alast.cz\/author\/","identifier":1,"image":{"@type":"ImageObject","@id":"https:\/\/secure.gravatar.com\/avatar\/591310831c6f562dead2685065c7bfb166baf64da6e0332ad9d0a2e9c6c14446?s=96&d=mm&r=g","url":"https:\/\/secure.gravatar.com\/avatar\/591310831c6f562dead2685065c7bfb166baf64da6e0332ad9d0a2e9c6c14446?s=96&d=mm&r=g","height":96,"width":96}},"publisher":{"@type":"Organization","name":"alast.cz","logo":{"@type":"ImageObject","@id":"\/logo.png","url":"\/logo.png","width":600,"height":60}},"image":{"@type":"ImageObject","@id":"https:\/\/www.alast.cz\/wp-content\/uploads\/manor-house-2359884_1280.jpg","url":"https:\/\/www.alast.cz\/wp-content\/uploads\/manor-house-2359884_1280.jpg","height":0,"width":0},"wordCount":620,"keywords":null},{"@type":"Article","@id":"https:\/\/www.alast.cz\/v-cem-bydlet\/","headline":"V \u010dem bydlet?","url":"https:\/\/www.alast.cz\/v-cem-bydlet\/","datePublished":"2023-07-08","dateModified":"2023-08-17","mainEntityOfPage":"https:\/\/www.alast.cz\/v-cem-bydlet\/","author":{"@type":"Person","@id":"https:\/\/www.alast.cz\/author\/#Person","name":"","url":"https:\/\/www.alast.cz\/author\/","identifier":1,"image":{"@type":"ImageObject","@id":"https:\/\/secure.gravatar.com\/avatar\/591310831c6f562dead2685065c7bfb166baf64da6e0332ad9d0a2e9c6c14446?s=96&d=mm&r=g","url":"https:\/\/secure.gravatar.com\/avatar\/591310831c6f562dead2685065c7bfb166baf64da6e0332ad9d0a2e9c6c14446?s=96&d=mm&r=g","height":96,"width":96}},"publisher":{"@type":"Organization","name":"alast.cz","logo":{"@type":"ImageObject","@id":"\/logo.png","url":"\/logo.png","width":600,"height":60}},"image":{"@type":"ImageObject","@id":"https:\/\/www.alast.cz\/wp-content\/uploads\/purchase-g28722b3ea_640_6.jpg","url":"https:\/\/www.alast.cz\/wp-content\/uploads\/purchase-g28722b3ea_640_6.jpg","height":0,"width":0},"wordCount":594,"keywords":null},{"@type":"Article","@id":"https:\/\/www.alast.cz\/automobilovy-prumysl\/","headline":"Automobilov\u00fd pr\u016fmysl","url":"https:\/\/www.alast.cz\/automobilovy-prumysl\/","datePublished":"2023-06-30","dateModified":"2023-08-18","mainEntityOfPage":"https:\/\/www.alast.cz\/automobilovy-prumysl\/","author":{"@type":"Person","@id":"https:\/\/www.alast.cz\/author\/#Person","name":"","url":"https:\/\/www.alast.cz\/author\/","identifier":1,"image":{"@type":"ImageObject","@id":"https:\/\/secure.gravatar.com\/avatar\/591310831c6f562dead2685065c7bfb166baf64da6e0332ad9d0a2e9c6c14446?s=96&d=mm&r=g","url":"https:\/\/secure.gravatar.com\/avatar\/591310831c6f562dead2685065c7bfb166baf64da6e0332ad9d0a2e9c6c14446?s=96&d=mm&r=g","height":96,"width":96}},"publisher":{"@type":"Organization","name":"alast.cz","logo":{"@type":"ImageObject","@id":"\/logo.png","url":"\/logo.png","width":600,"height":60}},"image":{"@type":"ImageObject","@id":"https:\/\/www.alast.cz\/wp-content\/uploads\/pexels-photo-164634_1.jpeg","url":"https:\/\/www.alast.cz\/wp-content\/uploads\/pexels-photo-164634_1.jpeg","height":0,"width":0},"wordCount":575,"keywords":null},{"@type":"Article","@id":"https:\/\/www.alast.cz\/proc-nektere-firmy-provozuji-prodej-sro-spolecnosti\/","headline":"Pro\u010d n\u011bkter\u00e9 firmy provozuj\u00ed prodej sro spole\u010dnost\u00ed","url":"https:\/\/www.alast.cz\/proc-nektere-firmy-provozuji-prodej-sro-spolecnosti\/","datePublished":"2023-06-28","dateModified":"2023-07-28","mainEntityOfPage":"https:\/\/www.alast.cz\/proc-nektere-firmy-provozuji-prodej-sro-spolecnosti\/","author":{"@type":"Person","@id":"https:\/\/www.alast.cz\/author\/#Person","name":"","url":"https:\/\/www.alast.cz\/author\/","identifier":1,"image":{"@type":"ImageObject","@id":"https:\/\/secure.gravatar.com\/avatar\/591310831c6f562dead2685065c7bfb166baf64da6e0332ad9d0a2e9c6c14446?s=96&d=mm&r=g","url":"https:\/\/secure.gravatar.com\/avatar\/591310831c6f562dead2685065c7bfb166baf64da6e0332ad9d0a2e9c6c14446?s=96&d=mm&r=g","height":96,"width":96}},"publisher":{"@type":"Organization","name":"alast.cz","logo":{"@type":"ImageObject","@id":"\/logo.png","url":"\/logo.png","width":600,"height":60}},"image":{"@type":"ImageObject","@id":"https:\/\/www.alast.cz\/wp-content\/uploads\/firma8_6.jpg","url":"https:\/\/www.alast.cz\/wp-content\/uploads\/firma8_6.jpg","height":0,"width":0},"wordCount":666,"keywords":null},{"@type":"Article","@id":"https:\/\/www.alast.cz\/kvalitni-a-moderni-dvere\/","headline":"Kvalitn\u00ed a modern\u00ed dve\u0159e","url":"https:\/\/www.alast.cz\/kvalitni-a-moderni-dvere\/","datePublished":"2023-06-15","dateModified":"2024-06-17","mainEntityOfPage":"https:\/\/www.alast.cz\/kvalitni-a-moderni-dvere\/","author":{"@type":"Person","@id":"https:\/\/www.alast.cz\/author\/#Person","name":"","url":"https:\/\/www.alast.cz\/author\/","identifier":1,"image":{"@type":"ImageObject","@id":"https:\/\/secure.gravatar.com\/avatar\/591310831c6f562dead2685065c7bfb166baf64da6e0332ad9d0a2e9c6c14446?s=96&d=mm&r=g","url":"https:\/\/secure.gravatar.com\/avatar\/591310831c6f562dead2685065c7bfb166baf64da6e0332ad9d0a2e9c6c14446?s=96&d=mm&r=g","height":96,"width":96}},"publisher":{"@type":"Organization","name":"alast.cz","logo":{"@type":"ImageObject","@id":"\/logo.png","url":"\/logo.png","width":600,"height":60}},"image":null,"wordCount":312,"keywords":null},{"@type":"Article","@id":"https:\/\/www.alast.cz\/existuje-skutecne-bylina-na-veskere-neduhy\/","headline":"Existuje skute\u010dn\u011b bylina na ve\u0161ker\u00e9 neduhy?","url":"https:\/\/www.alast.cz\/existuje-skutecne-bylina-na-veskere-neduhy\/","datePublished":"2023-06-03","dateModified":"2023-09-19","mainEntityOfPage":"https:\/\/www.alast.cz\/existuje-skutecne-bylina-na-veskere-neduhy\/","author":{"@type":"Person","@id":"https:\/\/www.alast.cz\/author\/#Person","name":"","url":"https:\/\/www.alast.cz\/author\/","identifier":1,"image":{"@type":"ImageObject","@id":"https:\/\/secure.gravatar.com\/avatar\/591310831c6f562dead2685065c7bfb166baf64da6e0332ad9d0a2e9c6c14446?s=96&d=mm&r=g","url":"https:\/\/secure.gravatar.com\/avatar\/591310831c6f562dead2685065c7bfb166baf64da6e0332ad9d0a2e9c6c14446?s=96&d=mm&r=g","height":96,"width":96}},"publisher":{"@type":"Organization","name":"alast.cz","logo":{"@type":"ImageObject","@id":"\/logo.png","url":"\/logo.png","width":600,"height":60}},"image":{"@type":"ImageObject","@id":"https:\/\/www.alast.cz\/wp-content\/uploads\/kratom_xuSjsv.jpg","url":"https:\/\/www.alast.cz\/wp-content\/uploads\/kratom_xuSjsv.jpg","height":0,"width":0},"wordCount":470,"keywords":null},{"@type":"Article","@id":"https:\/\/www.alast.cz\/co-si-poznamenat-pred-tiskem-svatebniho-oznameni\/","headline":"Co si poznamenat p\u0159ed tiskem svatebn\u00edho ozn\u00e1men\u00ed","url":"https:\/\/www.alast.cz\/co-si-poznamenat-pred-tiskem-svatebniho-oznameni\/","datePublished":"2023-06-02","dateModified":"2023-09-20","mainEntityOfPage":"https:\/\/www.alast.cz\/co-si-poznamenat-pred-tiskem-svatebniho-oznameni\/","author":{"@type":"Person","@id":"https:\/\/www.alast.cz\/author\/#Person","name":"","url":"https:\/\/www.alast.cz\/author\/","identifier":1,"image":{"@type":"ImageObject","@id":"https:\/\/secure.gravatar.com\/avatar\/591310831c6f562dead2685065c7bfb166baf64da6e0332ad9d0a2e9c6c14446?s=96&d=mm&r=g","url":"https:\/\/secure.gravatar.com\/avatar\/591310831c6f562dead2685065c7bfb166baf64da6e0332ad9d0a2e9c6c14446?s=96&d=mm&r=g","height":96,"width":96}},"publisher":{"@type":"Organization","name":"alast.cz","logo":{"@type":"ImageObject","@id":"\/logo.png","url":"\/logo.png","width":600,"height":60}},"image":{"@type":"ImageObject","@id":"https:\/\/www.alast.cz\/wp-content\/uploads\/bride-groom-1050297_640.jpg","url":"https:\/\/www.alast.cz\/wp-content\/uploads\/bride-groom-1050297_640.jpg","height":0,"width":0},"wordCount":536,"keywords":null},{"@type":"Article","@id":"https:\/\/www.alast.cz\/pekne-stribro\/","headline":"P\u011bkn\u00e9 st\u0159\u00edbro","url":"https:\/\/www.alast.cz\/pekne-stribro\/","datePublished":"2023-05-28","dateModified":"2023-05-28","mainEntityOfPage":"https:\/\/www.alast.cz\/pekne-stribro\/","author":{"@type":"Person","@id":"https:\/\/www.alast.cz\/author\/#Person","name":"","url":"https:\/\/www.alast.cz\/author\/","identifier":1,"image":{"@type":"ImageObject","@id":"https:\/\/secure.gravatar.com\/avatar\/591310831c6f562dead2685065c7bfb166baf64da6e0332ad9d0a2e9c6c14446?s=96&d=mm&r=g","url":"https:\/\/secure.gravatar.com\/avatar\/591310831c6f562dead2685065c7bfb166baf64da6e0332ad9d0a2e9c6c14446?s=96&d=mm&r=g","height":96,"width":96}},"publisher":{"@type":"Organization","name":"alast.cz","logo":{"@type":"ImageObject","@id":"\/logo.png","url":"\/logo.png","width":600,"height":60}},"image":{"@type":"ImageObject","@id":"https:\/\/www.alast.cz\/wp-content\/uploads\/sterling-silver-665052_1280.jpg","url":"https:\/\/www.alast.cz\/wp-content\/uploads\/sterling-silver-665052_1280.jpg","height":0,"width":0},"wordCount":542,"keywords":null},{"@type":"Article","@id":"https:\/\/www.alast.cz\/aby-i-uceni-zacalo-dite-bavit-musi-byt-motivovane-a-mit-spravne-navyky-jak-na-to\/","headline":"Aby i u\u010den\u00ed za\u010dalo d\u00edt\u011b bavit, mus\u00ed b\u00fdt motivovan\u00e9 a m\u00edt spr\u00e1vn\u00e9 n\u00e1vyky &#8211; Jak na to?","url":"https:\/\/www.alast.cz\/aby-i-uceni-zacalo-dite-bavit-musi-byt-motivovane-a-mit-spravne-navyky-jak-na-to\/","datePublished":"2023-05-27","dateModified":"2024-02-27","mainEntityOfPage":"https:\/\/www.alast.cz\/aby-i-uceni-zacalo-dite-bavit-musi-byt-motivovane-a-mit-spravne-navyky-jak-na-to\/","author":{"@type":"Person","@id":"https:\/\/www.alast.cz\/author\/#Person","name":"","url":"https:\/\/www.alast.cz\/author\/","identifier":1,"image":{"@type":"ImageObject","@id":"https:\/\/secure.gravatar.com\/avatar\/591310831c6f562dead2685065c7bfb166baf64da6e0332ad9d0a2e9c6c14446?s=96&d=mm&r=g","url":"https:\/\/secure.gravatar.com\/avatar\/591310831c6f562dead2685065c7bfb166baf64da6e0332ad9d0a2e9c6c14446?s=96&d=mm&r=g","height":96,"width":96}},"publisher":{"@type":"Organization","name":"alast.cz","logo":{"@type":"ImageObject","@id":"\/logo.png","url":"\/logo.png","width":600,"height":60}},"image":{"@type":"ImageObject","@id":"https:\/\/www.alast.cz\/wp-content\/uploads\/boys-286245_640_1.jpg","url":"https:\/\/www.alast.cz\/wp-content\/uploads\/boys-286245_640_1.jpg","height":0,"width":0},"wordCount":1425,"keywords":null},{"@type":"Article","@id":"https:\/\/www.alast.cz\/prechazime-na-plzensku-na-tepelne-cerpadlo\/","headline":"P\u0159ech\u00e1z\u00edme na Plze\u0148sku na tepeln\u00e9 \u010derpadlo","url":"https:\/\/www.alast.cz\/prechazime-na-plzensku-na-tepelne-cerpadlo\/","datePublished":"2023-05-07","dateModified":"2024-01-31","mainEntityOfPage":"https:\/\/www.alast.cz\/prechazime-na-plzensku-na-tepelne-cerpadlo\/","author":{"@type":"Person","@id":"https:\/\/www.alast.cz\/author\/#Person","name":"","url":"https:\/\/www.alast.cz\/author\/","identifier":1,"image":{"@type":"ImageObject","@id":"https:\/\/secure.gravatar.com\/avatar\/591310831c6f562dead2685065c7bfb166baf64da6e0332ad9d0a2e9c6c14446?s=96&d=mm&r=g","url":"https:\/\/secure.gravatar.com\/avatar\/591310831c6f562dead2685065c7bfb166baf64da6e0332ad9d0a2e9c6c14446?s=96&d=mm&r=g","height":96,"width":96}},"publisher":{"@type":"Organization","name":"alast.cz","logo":{"@type":"ImageObject","@id":"\/logo.png","url":"\/logo.png","width":600,"height":60}},"image":{"@type":"ImageObject","@id":"https:\/\/www.alast.cz\/wp-content\/uploads\/czech-republic-g735cbce28_640.jpg","url":"https:\/\/www.alast.cz\/wp-content\/uploads\/czech-republic-g735cbce28_640.jpg","height":0,"width":0},"wordCount":591,"keywords":null}]},{"@context":"https:\/\/schema.org","@type":"WebSite","@id":"https:\/\/www.alast.cz\/#website","name":"Alast","url":"https:\/\/www.alast.cz","potentialAction":{"@type":"SearchAction","target":"https:\/\/www.alast.cz\/?s={search_term_string}","query-input":"required name=search_term_string"}}]