[{"@context":"https:\/\/schema.org\/","@type":"Article","@id":"https:\/\/www.alast.cz\/nezapomneli-jste-na-zastreseni\/#Article","mainEntityOfPage":"https:\/\/www.alast.cz\/nezapomneli-jste-na-zastreseni\/","headline":"Nezapomn\u011bli jste na zast\u0159e\u0161en\u00ed?","name":"Nezapomn\u011bli jste na zast\u0159e\u0161en\u00ed?","description":"Dnes u\u017e u n\u00e1s jenom t\u011b\u017eko najdeme n\u011bkoho, kdo by se domn\u00edval, \u017ee je venkovn\u00ed koup\u00e1n\u00ed v\u0161ude na jedno brdo, tedy \u017ee se d\u00e1 venku koupat v\u0161ude stejn\u011b. Tak mohou sm\u00fd\u0161let sp\u00ed\u0161e jen lid\u00e9 n\u011bkde v zaostal\u00e9 \u010d\u00e1sti sv\u011bta, kte\u0159\u00ed jsou odk\u00e1zan\u00ed jenom na vodn\u00ed plochy, kter\u00e9 jim nab\u00edz\u00ed p\u0159\u00edroda. A k takov\u00fdm u\u017e hodn\u011b &hellip; <a href=\"https:\/\/www.alast.cz\/nezapomneli-jste-na-zastreseni\/\" class=\"more-link\">Continue reading <span class=\"screen-reader-text\">Nezapomn\u011bli jste na zast\u0159e\u0161en\u00ed?<\/span><\/a>","datePublished":"2024-04-13","dateModified":"2024-04-13","author":{"@type":"Person","@id":"https:\/\/www.alast.cz\/author\/#Person","name":"","url":"https:\/\/www.alast.cz\/author\/","identifier":1,"image":{"@type":"ImageObject","@id":"https:\/\/secure.gravatar.com\/avatar\/591310831c6f562dead2685065c7bfb166baf64da6e0332ad9d0a2e9c6c14446?s=96&d=mm&r=g","url":"https:\/\/secure.gravatar.com\/avatar\/591310831c6f562dead2685065c7bfb166baf64da6e0332ad9d0a2e9c6c14446?s=96&d=mm&r=g","height":96,"width":96}},"publisher":{"@type":"Organization","name":"alast.cz","logo":{"@type":"ImageObject","@id":"\/logo.png","url":"\/logo.png","width":600,"height":60}},"image":{"@type":"ImageObject","@id":"https:\/\/www.alast.cz\/wp-content\/uploads\/bbbbbbbbbbbbbbbbbbbbbbbbbbb_1.jpg","url":"https:\/\/www.alast.cz\/wp-content\/uploads\/bbbbbbbbbbbbbbbbbbbbbbbbbbb_1.jpg","height":0,"width":0},"url":"https:\/\/www.alast.cz\/nezapomneli-jste-na-zastreseni\/","about":["Nakupov\u00e1n\u00ed"],"wordCount":459,"articleBody":"   Dnes u\u017e u n\u00e1s jenom t\u011b\u017eko najdeme n\u011bkoho, kdo by se domn\u00edval, \u017ee je venkovn\u00ed koup\u00e1n\u00ed v\u0161ude na jedno brdo, tedy \u017ee se d\u00e1 venku koupat v\u0161ude stejn\u011b. Tak mohou sm\u00fd\u0161let sp\u00ed\u0161e jen lid\u00e9 n\u011bkde v zaostal\u00e9 \u010d\u00e1sti sv\u011bta, kte\u0159\u00ed jsou odk\u00e1zan\u00ed jenom na vodn\u00ed plochy, kter\u00e9 jim nab\u00edz\u00ed p\u0159\u00edroda. A k takov\u00fdm u\u017e hodn\u011b d\u00e1vno nepat\u0159\u00edme. Jist\u011b, i j\u00e1 je\u0161t\u011b pamatuji doby, kdy u n\u00e1s byla jedin\u00e1 mo\u017enost koup\u00e1n\u00ed se, a to na lipensk\u00e9 pl\u00e1\u017ei, ale tu dobu u\u017e d\u00e1vno odv\u00e1l \u010das. A tak u\u017e dnes rozli\u0161ujeme mezi vodn\u00edmi plochami, kter\u00e9 jsou n\u00e1m nab\u00edzeny  http:\/\/www.fmsluzby.cz\/jake-nebytove-prostory-jsou-nyni-nabizeny-k-pronajmu\/ p\u0159\u00edrodou, a r\u016fzn\u00fdmi um\u011ble z\u0159\u00edzen\u00fdmi koupali\u0161ti. A kdy\u017e mezi t\u011bmito rozli\u0161ujeme, pak v\u00edme obvykle i to, \u017ee jsou lep\u0161\u00ed vlastn\u00ed baz\u00e9ny ne\u017e ve\u0159ejn\u00e1 koupali\u0161t\u011b pln\u00e1 n\u00e1v\u0161t\u011bvn\u00edk\u016f. Proto\u017ee ve vlastn\u00edch baz\u00e9nech si to u\u017e\u00edv\u00e1me kdykoliv a po sv\u00e9m, co\u017e n\u00e1m jinde nab\u00edzeno nen\u00ed.Ale ne ka\u017ed\u00fd z n\u00e1s si doposud uv\u011bdomuje, \u017ee nejsou ani ty vlastn\u00ed baz\u00e9ny v\u0161echny stejn\u00e9. A tak v\u0161ichni v\u00edme, jak vypad\u00e1 baz\u00e9n, ale t\u0159eba ani netu\u0161\u00edme, jak n\u00e1m ho m\u016f\u017ee je\u0161t\u011b vylep\u0161it n\u011bjak\u00e9 to dal\u0161\u00ed p\u0159\u00edslu\u0161enstv\u00ed. Teprve kdy\u017e vstupujeme do baz\u00e9nu po sch\u016fdc\u00edch si uv\u011bdomujeme, o\u010d je lep\u0161\u00ed sch\u016fdky m\u00edt ne\u017e nem\u00edt, teprve p\u0159i \u010di\u0161t\u011bn\u00ed baz\u00e9nu si uv\u011bdom\u00edme, jak dokonalou pomoc nab\u00edz\u00ed t\u0159eba baz\u00e9nov\u00e9 vysava\u010de. A dokud nem\u00e1me pon\u011bt\u00ed o mo\u017enosti si sv\u016fj baz\u00e9n zast\u0159e\u0161it a nevyu\u017eijeme tuto, nev\u00edme, jak dob\u0159e je, \u017ee se u\u017e d\u00e1vno rozjela i v\u00fdroba zast\u0159e\u0161en\u00ed baz\u00e9n\u016f https:\/\/www.bumerang.cz\/, d\u00edky kter\u00e9 m\u016f\u017eeme sv\u00e9 baz\u00e9ny tak\u00e9 ukr\u00fdvat pod podobn\u00fdm zast\u0159e\u0161en\u00edm.A by\u0165 nen\u00ed zast\u0159e\u0161en\u00ed baz\u00e9nu pro jeho vyu\u017eitelnost nepostradateln\u00e9, je na tom ten, kdo na zast\u0159e\u0161en\u00ed vsad\u00ed, p\u0159ece jenom o pozn\u00e1n\u00ed l\u00e9pe. Proto\u017ee chr\u00e1nit si baz\u00e9n zast\u0159e\u0161en\u00edm p\u0159ed vn\u011bj\u0161\u00edmi vlivy je rozumn\u00e9 a v mnoha ohledech v\u00fdhodn\u00e9 rozhodnut\u00ed. A sou\u010dasn\u011b jde i o estetickou z\u00e1le\u017eitost, tak\u017ee nejde o nic na \u00fakor n\u011b\u010deho jin\u00e9ho.A kdy\u017e si zast\u0159e\u0161\u00edte sv\u016fj baz\u00e9n, pozn\u00e1te, v \u010dem jsou p\u0159ednosti pr\u00e1v\u011b takov\u00e9ho po\u010dinu.                                                                                                                                                                                                                                                                                                                                                                                                  "},{"@context":"https:\/\/schema.org\/","@type":"BreadcrumbList","itemListElement":[{"@type":"ListItem","position":1,"name":"Nezapomn\u011bli jste na zast\u0159e\u0161en\u00ed?","item":"https:\/\/www.alast.cz\/nezapomneli-jste-na-zastreseni\/#breadcrumbitem"}]}]