[{"@context":"https:\/\/schema.org\/","@type":"Article","@id":"https:\/\/www.alast.cz\/ne-kazdy-se-stane-vedcem\/#Article","mainEntityOfPage":"https:\/\/www.alast.cz\/ne-kazdy-se-stane-vedcem\/","headline":"Ne ka\u017ed\u00fd se stane v\u011bdcem","name":"Ne ka\u017ed\u00fd se stane v\u011bdcem","description":"I kdy\u017e m\u00e1 ka\u017ed\u00fd \u010dlov\u011bk mozek, ne ka\u017ed\u00fd m\u016f\u017ee b\u00fdt v\u011bdec. V\u011bdec je toti\u017e p\u0159ece jenom ten, kdo m\u00e1 nejen mozek, ale p\u0159\u00edmo skv\u011bl\u00fd mozek. Nebo je\u0161t\u011b l\u00edp geni\u00e1ln\u00ed mozek. Jenom ten, komu to p\u00e1l\u00ed, p\u0159ece p\u0159ijde na n\u011bco, na co nikdo jin\u00fd nep\u0159i\u0161el za dlouh\u00e9 v\u011bky lidstva, a \u010d\u00edm v\u00edc toho lidi znaj\u00ed, t\u00edm &hellip; <a href=\"https:\/\/www.alast.cz\/ne-kazdy-se-stane-vedcem\/\" class=\"more-link\">Continue reading <span class=\"screen-reader-text\">Ne ka\u017ed\u00fd se stane v\u011bdcem<\/span><\/a>","datePublished":"2021-12-14","dateModified":"2021-12-14","author":{"@type":"Person","@id":"https:\/\/www.alast.cz\/author\/#Person","name":"","url":"https:\/\/www.alast.cz\/author\/","identifier":1,"image":{"@type":"ImageObject","@id":"https:\/\/secure.gravatar.com\/avatar\/591310831c6f562dead2685065c7bfb166baf64da6e0332ad9d0a2e9c6c14446?s=96&d=mm&r=g","url":"https:\/\/secure.gravatar.com\/avatar\/591310831c6f562dead2685065c7bfb166baf64da6e0332ad9d0a2e9c6c14446?s=96&d=mm&r=g","height":96,"width":96}},"publisher":{"@type":"Organization","name":"alast.cz","logo":{"@type":"ImageObject","@id":"\/logo.png","url":"\/logo.png","width":600,"height":60}},"image":{"@type":"ImageObject","@id":"https:\/\/www.alast.cz\/wp-content\/uploads\/v%C4%9Bda1.jpg","url":"https:\/\/www.alast.cz\/wp-content\/uploads\/v%C4%9Bda1.jpg","height":0,"width":0},"url":"https:\/\/www.alast.cz\/ne-kazdy-se-stane-vedcem\/","about":["V\u011bda"],"wordCount":462,"articleBody":"I kdy\u017e m\u00e1 ka\u017ed\u00fd \u010dlov\u011bk mozek, ne ka\u017ed\u00fd m\u016f\u017ee b\u00fdt v\u011bdec. V\u011bdec je toti\u017e p\u0159ece jenom ten, kdo m\u00e1 nejen mozek, ale p\u0159\u00edmo skv\u011bl\u00fd mozek. Nebo je\u0161t\u011b l\u00edp geni\u00e1ln\u00ed mozek. Jenom ten, komu to p\u00e1l\u00ed, p\u0159ece p\u0159ijde na n\u011bco, na co nikdo jin\u00fd nep\u0159i\u0161el za dlouh\u00e9 v\u011bky lidstva, a \u010d\u00edm v\u00edc toho lidi znaj\u00ed, t\u00edm t\u011b\u017e\u0161\u00ed je p\u0159ij\u00edt s\u00a0n\u011b\u010d\u00edm nov\u00fdm. A tak se mus\u00ed obvykle dlouho a piln\u011b studovat a pak je\u0161t\u011b takov\u00fd \u010dlov\u011bk pot\u0159ebuje invenci.\u00a0A nejenom to. Pak mus\u00ed b\u00fdt to, co takov\u00fd \u010dlov\u011bk vym\u00fd\u0161l\u00ed, taky k\u00a0n\u011b\u010demu, mus\u00ed to pro lidi n\u011bco znamenat. Jinak je n\u011bkdo takov\u00fd sice chytr\u00e1 hlava, kter\u00e9 ale nikdo ned\u00e1 na v\u00fdzkum ani korunu. A bez pen\u011bz se v\u011bda provozovat ned\u00e1, ani kdyby n\u011bkdo moc cht\u011bl.\u00a0Ve v\u011bd\u011b je teda mo\u017en\u00e1 docela dost povolan\u00fdch, ale jen m\u00e1lo vyvolen\u00fdch. Chce to m\u00edt hlavu i dokonal\u00e9 z\u00e1zem\u00ed. A taky hodn\u011b velkou d\u00e1vku \u0161t\u011bst\u00ed, aby takov\u00e1 v\u011bda skute\u010dn\u011b byla n\u011bkomu p\u0159\u00ednosn\u00e1, aby se vyplatila.A v\u00a0jak\u00e9m oboru se v\u011bda uplat\u0148uje? To je vlastn\u011b docela jedno. U\u017eite\u010dn\u00e1 m\u016f\u017ee b\u00fdt tam i onde, m\u016f\u017ee se t\u00fdkat humanitn\u00ed i technick\u00e9 bran\u017ee, m\u016f\u017ee se zab\u00fdvat p\u0159\u00edrodou, technikou, zv\u00ed\u0159aty i lidmi, chemi\u00ed, fyzikou, a to je\u0161t\u011b nen\u00ed ani zdaleka v\u0161echno. V\u0161ude se hod\u00ed, kdy\u017e lidi dok\u00e1\u017eou n\u011bco l\u00edp ne\u017e d\u0159\u00edv, a to pr\u00e1v\u011b v\u011bda nab\u00edz\u00ed.\u00a0A kdy\u017e se nad t\u00edm zamysl\u00edme, v\u011bda, kter\u00e1 je tu od nepam\u011bti, u\u017e n\u00e1m lidem toho poskytla opravdu hodn\u011b. Skoro v\u0161echno kolem n\u00e1s lidi n\u011bkdy v\u00a0minulosti neznali, a dnes to znaj\u00ed jenom proto, \u017ee to pro n\u011b n\u011bjak\u00fd v\u011bdec vymyslel.A v\u011bda je teda dobr\u00e1 v\u011bc. Ale jenom n\u011bkdy. N\u011bkdy taky m\u016f\u017ee v\u011bdom\u011b nebo mimochodem i \u0161kodit. Podle toho, co se vymysl\u00ed a jak to lidi vyu\u017eij\u00ed. Dala n\u00e1m t\u0159eba mo\u017enost l\u00e9tat raketami do vesm\u00edru, ale taky dala lidstvu mo\u017enost se raketami zab\u00edjet, dala n\u00e1m l\u00e9ky, kter\u00e9 ale n\u011bkdy pom\u00e1haj\u00ed a n\u011bkdy naopak \u0161kod\u00ed nebo jsou zneu\u017e\u00edvan\u00e9 a tak.\u00a0V\u011bda je teda ur\u010dit\u011b pon\u011bkud sporn\u00e1 z\u00e1le\u017eitost. Ale p\u0159esto je dob\u0159e, \u017ee je. Jinak bychom se my lid\u00e9 po\u0159\u00e1d je\u0161t\u011b houpali n\u011bkde ve v\u011btv\u00edch strom\u016f.                                                                                                                                                                                                                                                                                                                                                                                        3.8\/5 - (5 votes)        "},{"@context":"https:\/\/schema.org\/","@type":"BreadcrumbList","itemListElement":[{"@type":"ListItem","position":1,"name":"Ne ka\u017ed\u00fd se stane v\u011bdcem","item":"https:\/\/www.alast.cz\/ne-kazdy-se-stane-vedcem\/#breadcrumbitem"}]}]