[{"@context":"https:\/\/schema.org\/","@type":"Article","@id":"https:\/\/www.alast.cz\/ke-stromum-se-privazovat-nemusite\/#Article","mainEntityOfPage":"https:\/\/www.alast.cz\/ke-stromum-se-privazovat-nemusite\/","headline":"Ke strom\u016fm se p\u0159ivazovat nemus\u00edte","name":"Ke strom\u016fm se p\u0159ivazovat nemus\u00edte","description":"Kdy\u017e n\u011bkde zaslechnete slova o ochran\u011b \u017eivotn\u00edho prost\u0159ed\u00ed, mo\u017en\u00e1 se okam\u017eit\u011b roz\u010d\u00edl\u00edte, a\u0165 ty velk\u00e9 podniky a tov\u00e1rny neplat\u00ed pokutu, ale a\u0165 je okam\u017eit\u011b zav\u0159ou! A a\u0165 daj\u00ed do po\u0159\u00e1dku to, co zplenily. Jen\u017ee ono to nen\u00ed tak jednoduch\u00e9. A nav\u00edc nejde jen o tov\u00e1rny, ale jde tak\u00e9 o jednotlivce v\u00a0b\u011b\u017en\u00e9m \u017eivot\u011b. Jde i o &hellip; <a href=\"https:\/\/www.alast.cz\/ke-stromum-se-privazovat-nemusite\/\" class=\"more-link\">Continue reading <span class=\"screen-reader-text\">Ke strom\u016fm se p\u0159ivazovat nemus\u00edte<\/span><\/a>","datePublished":"2018-06-05","dateModified":"2018-06-05","author":{"@type":"Person","@id":"https:\/\/www.alast.cz\/author\/#Person","name":"","url":"https:\/\/www.alast.cz\/author\/","identifier":1,"image":{"@type":"ImageObject","@id":"https:\/\/secure.gravatar.com\/avatar\/591310831c6f562dead2685065c7bfb166baf64da6e0332ad9d0a2e9c6c14446?s=96&d=mm&r=g","url":"https:\/\/secure.gravatar.com\/avatar\/591310831c6f562dead2685065c7bfb166baf64da6e0332ad9d0a2e9c6c14446?s=96&d=mm&r=g","height":96,"width":96}},"publisher":{"@type":"Organization","name":"alast.cz","logo":{"@type":"ImageObject","@id":"\/logo.png","url":"\/logo.png","width":600,"height":60}},"image":{"@type":"ImageObject","@id":"https:\/\/www.alast.cz\/wp-content\/uploads\/img_a321974_w2311_t1533454750.png","url":"https:\/\/www.alast.cz\/wp-content\/uploads\/img_a321974_w2311_t1533454750.png","height":0,"width":0},"url":"https:\/\/www.alast.cz\/ke-stromum-se-privazovat-nemusite\/","wordCount":420,"articleBody":"Kdy\u017e n\u011bkde zaslechnete slova o ochran\u011b \u017eivotn\u00edho prost\u0159ed\u00ed, mo\u017en\u00e1 se okam\u017eit\u011b roz\u010d\u00edl\u00edte, a\u0165 ty velk\u00e9 podniky a tov\u00e1rny neplat\u00ed pokutu, ale a\u0165 je okam\u017eit\u011b zav\u0159ou! A a\u0165 daj\u00ed do po\u0159\u00e1dku to, co zplenily. Jen\u017ee ono to nen\u00ed tak jednoduch\u00e9. A nav\u00edc nejde jen o tov\u00e1rny, ale jde tak\u00e9 o jednotlivce v\u00a0b\u011b\u017en\u00e9m \u017eivot\u011b. Jde i o V\u00e1s!Jak\u00e9 z\u00e1sluhy na ochran\u011b \u017eivotn\u00edho prost\u0159ed\u00ed m\u00e1te Vy?T\u0159\u00edd\u00edte odpad? V\u00fdte\u010dn\u011b. U\u017e to je z\u00e1sadn\u00ed zm\u011bna, kterou mnoz\u00ed jednotlivci proch\u00e1zej\u00ed. Je to skv\u011bl\u00e9?Ale jste si v\u011bdomi i toho, \u017ee nakupujete v\u00fdrobky, kter\u00e9 nejsou \u0161etrn\u00e9 k\u00a0\u017eivotn\u00edmu prost\u0159ed\u00ed? P\u0159em\u00fd\u0161leli jste n\u011bkdy nad t\u00edm, co d\u00e1v\u00e1te do n\u00e1kupn\u00edho ko\u0161\u00edku? Sledujete ekologick\u00e9 zna\u010dky na v\u00fdrobc\u00edch, kter\u00e9 ozna\u010duj\u00ed \u0161etrnost k\u00a0\u017eivotn\u00edmu prost\u0159ed\u00ed? Vid\u00edte.\u00b7\u00a0\u00a0\u00a0\u00a0\u00a0\u00a0\u00a0\u00a0 Ani netu\u0161\u00edte, jak byste mohli p\u0159isp\u011bt k\u00a0tomu, aby se ekov\u00fdrobky staly jedin\u00fdm produktem tov\u00e1ren, kdybyste jin\u00e9 nekupovali!\u00b7\u00a0\u00a0\u00a0\u00a0\u00a0\u00a0\u00a0\u00a0 Jak rychle by z\u00a0pult\u016f zmizely v\u00fdrobky, kter\u00e9 na\u0161e \u017eivotn\u00ed prost\u0159ed\u00ed ni\u010d\u00ed bu\u010f prost\u0159ednictv\u00edm jejich pou\u017e\u00edv\u00e1n\u00ed, nebo jejich likvidac\u00ed.Ekov\u00fdrobek pozn\u00e1te snadno.Ekov\u00fdrobky pozn\u00e1te podle ochrann\u00e9ho zna\u010den\u00ed zelenou, nebo \u010dernou barvou, a to ji\u017e od roku 1994. P\u00edsmeno e a n\u00e1pis Ekologicky \u0161etrn\u00fd v\u00fdrobek jasn\u011b ur\u010duje, o jak\u00fd v\u00fdrobek jde.Ne\u0159\u00edkejte si, \u017ee Vy, jako jeden \u010dlov\u011bk, nic nezm\u011bn\u00edte.Kdyby si to \u0159ekl ka\u017ed\u00fd, nikdy by se nic nezm\u011bnilo.\u00b7\u00a0\u00a0\u00a0\u00a0\u00a0\u00a0\u00a0\u00a0 Pro\u010d byste si nemohli kupovat ekologick\u00e9 \u010distic\u00ed prost\u0159edky?\u00b7\u00a0\u00a0\u00a0\u00a0\u00a0\u00a0\u00a0\u00a0 Pro\u010d byste nemohli uva\u017eovat o energeticky \u00fasporn\u00e9m bydlen\u00ed?\u00b7\u00a0\u00a0\u00a0\u00a0\u00a0\u00a0\u00a0\u00a0 Pro\u010d byste nemohli po\u0159izovat recyklovan\u00e9 v\u00fdrobky v\u00a0oblasti kancel\u00e1\u0159sk\u00fdch pot\u0159eb?\u00b7\u00a0\u00a0\u00a0\u00a0\u00a0\u00a0\u00a0\u00a0 Pro\u010d byste to nemohli b\u00fdt pr\u00e1v\u011b Vy, kte\u0159\u00ed za\u010dnou ekologicky \u0161etrn\u00e9 v\u00fdrobky nakupovat?V\u016fbec se nemus\u00edte zapojovat do ekologick\u00fdch hnut\u00ed, jako aktivn\u00ed \u010dlen, kter\u00fd se bude muset p\u0159ivazovat ke strom\u016fm, aby je n\u011bkdo neporazil. Sta\u010d\u00ed, kdy\u017e za\u010dnete ekologicky myslet a po\u0159izovat ekologick\u00e9 v\u00fdrobky, vyu\u017e\u00edvat ekologicky \u0161etrn\u00fdch slu\u017eeb. Samoz\u0159ejm\u011b, \u017ee vy\u0161\u0161\u00ed pod\u00edl na trhu s\u00a0ekologicky \u0161etrn\u00fdmi v\u00fdrobky maj\u00ed ve\u0159ejn\u00e9 instituce, kter\u00e9 nakupuj\u00ed ve velk\u00e9m. Ale kdy\u017e se k\u00a0nim p\u0159id\u00e1 b\u011b\u017en\u00fd spot\u0159ebitel? V\u00a0jednot\u011b je s\u00edla!                                                                                                                                                                                                                                                                                                                                                                                        4.5\/5 - (2 votes)        "},{"@context":"https:\/\/schema.org\/","@type":"BreadcrumbList","itemListElement":[{"@type":"ListItem","position":1,"name":"Ke strom\u016fm se p\u0159ivazovat nemus\u00edte","item":"https:\/\/www.alast.cz\/ke-stromum-se-privazovat-nemusite\/#breadcrumbitem"}]}]