{"@context":"https:\/\/schema.org\/","@type":"CollectionPage","@id":"https:\/\/www.alast.cz\/hry\/#CollectionPage","headline":"Hry Category","description":"","url":"https:\/\/www.alast.cz\/hry\/","hasPart":[{"@type":"Article","@id":"https:\/\/www.alast.cz\/muze-byt-hrani-navykove\/","headline":"M\u016f\u017ee b\u00fdt hran\u00ed n\u00e1vykov\u00e9?","url":"https:\/\/www.alast.cz\/muze-byt-hrani-navykove\/","datePublished":"2024-09-23","dateModified":"2024-09-23","mainEntityOfPage":"https:\/\/www.alast.cz\/muze-byt-hrani-navykove\/","author":{"@type":"Person","@id":"https:\/\/www.alast.cz\/author\/#Person","name":"","url":"https:\/\/www.alast.cz\/author\/","identifier":1,"image":{"@type":"ImageObject","@id":"https:\/\/secure.gravatar.com\/avatar\/591310831c6f562dead2685065c7bfb166baf64da6e0332ad9d0a2e9c6c14446?s=96&d=mm&r=g","url":"https:\/\/secure.gravatar.com\/avatar\/591310831c6f562dead2685065c7bfb166baf64da6e0332ad9d0a2e9c6c14446?s=96&d=mm&r=g","height":96,"width":96}},"publisher":{"@type":"Organization","name":"alast.cz","logo":{"@type":"ImageObject","@id":"\/logo.png","url":"\/logo.png","width":600,"height":60}},"image":{"@type":"ImageObject","@id":"https:\/\/www.alast.cz\/wp-content\/uploads\/videohry1_9.png","url":"https:\/\/www.alast.cz\/wp-content\/uploads\/videohry1_9.png","height":0,"width":0},"keywords":null},{"@type":"Article","@id":"https:\/\/www.alast.cz\/prima-bazen\/","headline":"Prima baz\u00e9n","url":"https:\/\/www.alast.cz\/prima-bazen\/","datePublished":"2023-07-10","dateModified":"2023-08-10","mainEntityOfPage":"https:\/\/www.alast.cz\/prima-bazen\/","author":{"@type":"Person","@id":"https:\/\/www.alast.cz\/author\/#Person","name":"","url":"https:\/\/www.alast.cz\/author\/","identifier":1,"image":{"@type":"ImageObject","@id":"https:\/\/secure.gravatar.com\/avatar\/591310831c6f562dead2685065c7bfb166baf64da6e0332ad9d0a2e9c6c14446?s=96&d=mm&r=g","url":"https:\/\/secure.gravatar.com\/avatar\/591310831c6f562dead2685065c7bfb166baf64da6e0332ad9d0a2e9c6c14446?s=96&d=mm&r=g","height":96,"width":96}},"publisher":{"@type":"Organization","name":"alast.cz","logo":{"@type":"ImageObject","@id":"\/logo.png","url":"\/logo.png","width":600,"height":60}},"image":{"@type":"ImageObject","@id":"https:\/\/www.alast.cz\/wp-content\/uploads\/manor-house-2359884_1280.jpg","url":"https:\/\/www.alast.cz\/wp-content\/uploads\/manor-house-2359884_1280.jpg","height":0,"width":0},"keywords":null},{"@type":"Article","@id":"https:\/\/www.alast.cz\/co-si-poznamenat-pred-tiskem-svatebniho-oznameni\/","headline":"Co si poznamenat p\u0159ed tiskem svatebn\u00edho ozn\u00e1men\u00ed","url":"https:\/\/www.alast.cz\/co-si-poznamenat-pred-tiskem-svatebniho-oznameni\/","datePublished":"2023-06-02","dateModified":"2023-09-20","mainEntityOfPage":"https:\/\/www.alast.cz\/co-si-poznamenat-pred-tiskem-svatebniho-oznameni\/","author":{"@type":"Person","@id":"https:\/\/www.alast.cz\/author\/#Person","name":"","url":"https:\/\/www.alast.cz\/author\/","identifier":1,"image":{"@type":"ImageObject","@id":"https:\/\/secure.gravatar.com\/avatar\/591310831c6f562dead2685065c7bfb166baf64da6e0332ad9d0a2e9c6c14446?s=96&d=mm&r=g","url":"https:\/\/secure.gravatar.com\/avatar\/591310831c6f562dead2685065c7bfb166baf64da6e0332ad9d0a2e9c6c14446?s=96&d=mm&r=g","height":96,"width":96}},"publisher":{"@type":"Organization","name":"alast.cz","logo":{"@type":"ImageObject","@id":"\/logo.png","url":"\/logo.png","width":600,"height":60}},"image":{"@type":"ImageObject","@id":"https:\/\/www.alast.cz\/wp-content\/uploads\/bride-groom-1050297_640.jpg","url":"https:\/\/www.alast.cz\/wp-content\/uploads\/bride-groom-1050297_640.jpg","height":0,"width":0},"keywords":null},{"@type":"Article","@id":"https:\/\/www.alast.cz\/prechazime-na-plzensku-na-tepelne-cerpadlo\/","headline":"P\u0159ech\u00e1z\u00edme na Plze\u0148sku na tepeln\u00e9 \u010derpadlo","url":"https:\/\/www.alast.cz\/prechazime-na-plzensku-na-tepelne-cerpadlo\/","datePublished":"2023-05-07","dateModified":"2024-01-31","mainEntityOfPage":"https:\/\/www.alast.cz\/prechazime-na-plzensku-na-tepelne-cerpadlo\/","author":{"@type":"Person","@id":"https:\/\/www.alast.cz\/author\/#Person","name":"","url":"https:\/\/www.alast.cz\/author\/","identifier":1,"image":{"@type":"ImageObject","@id":"https:\/\/secure.gravatar.com\/avatar\/591310831c6f562dead2685065c7bfb166baf64da6e0332ad9d0a2e9c6c14446?s=96&d=mm&r=g","url":"https:\/\/secure.gravatar.com\/avatar\/591310831c6f562dead2685065c7bfb166baf64da6e0332ad9d0a2e9c6c14446?s=96&d=mm&r=g","height":96,"width":96}},"publisher":{"@type":"Organization","name":"alast.cz","logo":{"@type":"ImageObject","@id":"\/logo.png","url":"\/logo.png","width":600,"height":60}},"image":{"@type":"ImageObject","@id":"https:\/\/www.alast.cz\/wp-content\/uploads\/czech-republic-g735cbce28_640.jpg","url":"https:\/\/www.alast.cz\/wp-content\/uploads\/czech-republic-g735cbce28_640.jpg","height":0,"width":0},"keywords":null},{"@type":"Article","@id":"https:\/\/www.alast.cz\/mobilni-dum-atlas-oakwood\/","headline":"Mobiln\u00ed d\u016fm Atlas Oakwood","url":"https:\/\/www.alast.cz\/mobilni-dum-atlas-oakwood\/","datePublished":"2022-02-25","dateModified":"2022-02-25","mainEntityOfPage":"https:\/\/www.alast.cz\/mobilni-dum-atlas-oakwood\/","author":{"@type":"Person","@id":"https:\/\/www.alast.cz\/author\/#Person","name":"","url":"https:\/\/www.alast.cz\/author\/","identifier":1,"image":{"@type":"ImageObject","@id":"https:\/\/secure.gravatar.com\/avatar\/591310831c6f562dead2685065c7bfb166baf64da6e0332ad9d0a2e9c6c14446?s=96&d=mm&r=g","url":"https:\/\/secure.gravatar.com\/avatar\/591310831c6f562dead2685065c7bfb166baf64da6e0332ad9d0a2e9c6c14446?s=96&d=mm&r=g","height":96,"width":96}},"publisher":{"@type":"Organization","name":"alast.cz","logo":{"@type":"ImageObject","@id":"\/logo.png","url":"\/logo.png","width":600,"height":60}},"image":{"@type":"ImageObject","@id":"https:\/\/www.alast.cz\/wp-content\/uploads\/Lavaro%20-%20mobiln%C3%AD%20domek_1.jpg","url":"https:\/\/www.alast.cz\/wp-content\/uploads\/Lavaro%20-%20mobiln%C3%AD%20domek_1.jpg","height":0,"width":0},"keywords":null},{"@type":"Article","@id":"https:\/\/www.alast.cz\/potraviny-ktere-zlepsi-vas-vykon\/","headline":"Potraviny, kter\u00e9 zlep\u0161\u00ed v\u00e1\u0161 v\u00fdkon","url":"https:\/\/www.alast.cz\/potraviny-ktere-zlepsi-vas-vykon\/","datePublished":"2020-11-16","dateModified":"2020-11-16","mainEntityOfPage":"https:\/\/www.alast.cz\/potraviny-ktere-zlepsi-vas-vykon\/","author":{"@type":"Person","@id":"https:\/\/www.alast.cz\/author\/#Person","name":"","url":"https:\/\/www.alast.cz\/author\/","identifier":1,"image":{"@type":"ImageObject","@id":"https:\/\/secure.gravatar.com\/avatar\/591310831c6f562dead2685065c7bfb166baf64da6e0332ad9d0a2e9c6c14446?s=96&d=mm&r=g","url":"https:\/\/secure.gravatar.com\/avatar\/591310831c6f562dead2685065c7bfb166baf64da6e0332ad9d0a2e9c6c14446?s=96&d=mm&r=g","height":96,"width":96}},"publisher":{"@type":"Organization","name":"alast.cz","logo":{"@type":"ImageObject","@id":"\/logo.png","url":"\/logo.png","width":600,"height":60}},"image":{"@type":"ImageObject","@id":"https:\/\/www.alast.cz\/wp-content\/uploads\/Bor%C5%AFvky%20v%20misti%C4%8Dce.jpg","url":"https:\/\/www.alast.cz\/wp-content\/uploads\/Bor%C5%AFvky%20v%20misti%C4%8Dce.jpg","height":0,"width":0},"keywords":null},{"@type":"Article","@id":"https:\/\/www.alast.cz\/mlecne-zuby-a-pece-o-ne\/","headline":"Ml\u00e9\u010dn\u00e9 zuby a p\u00e9\u010de o n\u011b","url":"https:\/\/www.alast.cz\/mlecne-zuby-a-pece-o-ne\/","datePublished":"2020-06-21","dateModified":"2020-06-21","mainEntityOfPage":"https:\/\/www.alast.cz\/mlecne-zuby-a-pece-o-ne\/","author":{"@type":"Person","@id":"https:\/\/www.alast.cz\/author\/#Person","name":"","url":"https:\/\/www.alast.cz\/author\/","identifier":1,"image":{"@type":"ImageObject","@id":"https:\/\/secure.gravatar.com\/avatar\/591310831c6f562dead2685065c7bfb166baf64da6e0332ad9d0a2e9c6c14446?s=96&d=mm&r=g","url":"https:\/\/secure.gravatar.com\/avatar\/591310831c6f562dead2685065c7bfb166baf64da6e0332ad9d0a2e9c6c14446?s=96&d=mm&r=g","height":96,"width":96}},"publisher":{"@type":"Organization","name":"alast.cz","logo":{"@type":"ImageObject","@id":"\/logo.png","url":"\/logo.png","width":600,"height":60}},"image":{"@type":"ImageObject","@id":"https:\/\/www.alast.cz\/wp-content\/uploads\/d%C3%ADt%C4%9B%20u%20zuba%C5%99e_2.jpg","url":"https:\/\/www.alast.cz\/wp-content\/uploads\/d%C3%ADt%C4%9B%20u%20zuba%C5%99e_2.jpg","height":0,"width":0},"keywords":null},{"@type":"Article","@id":"https:\/\/www.alast.cz\/led-zarovky-12-v-bezpecny-zdroj-umeleho-svetla\/","headline":"LED \u017e\u00e1rovky 12 V \u2013 bezpe\u010dn\u00fd zdroj um\u011bl\u00e9ho sv\u011btla","url":"https:\/\/www.alast.cz\/led-zarovky-12-v-bezpecny-zdroj-umeleho-svetla\/","datePublished":"2019-10-09","dateModified":"2019-10-09","mainEntityOfPage":"https:\/\/www.alast.cz\/led-zarovky-12-v-bezpecny-zdroj-umeleho-svetla\/","author":{"@type":"Person","@id":"https:\/\/www.alast.cz\/author\/#Person","name":"","url":"https:\/\/www.alast.cz\/author\/","identifier":1,"image":{"@type":"ImageObject","@id":"https:\/\/secure.gravatar.com\/avatar\/591310831c6f562dead2685065c7bfb166baf64da6e0332ad9d0a2e9c6c14446?s=96&d=mm&r=g","url":"https:\/\/secure.gravatar.com\/avatar\/591310831c6f562dead2685065c7bfb166baf64da6e0332ad9d0a2e9c6c14446?s=96&d=mm&r=g","height":96,"width":96}},"publisher":{"@type":"Organization","name":"alast.cz","logo":{"@type":"ImageObject","@id":"\/logo.png","url":"\/logo.png","width":600,"height":60}},"image":{"@type":"ImageObject","@id":"https:\/\/www.alast.cz\/wp-content\/uploads\/img_a368484_w2086_t1580807322.jpg","url":"https:\/\/www.alast.cz\/wp-content\/uploads\/img_a368484_w2086_t1580807322.jpg","height":0,"width":0},"keywords":null},{"@type":"Article","@id":"https:\/\/www.alast.cz\/solarni-sprchu-oceni-nejen-majitele-zahradnich-bazenu\/","headline":"Sol\u00e1rn\u00ed sprchu ocen\u00ed nejen majitel\u00e9 zahradn\u00edch baz\u00e9n\u016f","url":"https:\/\/www.alast.cz\/solarni-sprchu-oceni-nejen-majitele-zahradnich-bazenu\/","datePublished":"2018-12-09","dateModified":"2018-12-09","mainEntityOfPage":"https:\/\/www.alast.cz\/solarni-sprchu-oceni-nejen-majitele-zahradnich-bazenu\/","author":{"@type":"Person","@id":"https:\/\/www.alast.cz\/author\/#Person","name":"","url":"https:\/\/www.alast.cz\/author\/","identifier":1,"image":{"@type":"ImageObject","@id":"https:\/\/secure.gravatar.com\/avatar\/591310831c6f562dead2685065c7bfb166baf64da6e0332ad9d0a2e9c6c14446?s=96&d=mm&r=g","url":"https:\/\/secure.gravatar.com\/avatar\/591310831c6f562dead2685065c7bfb166baf64da6e0332ad9d0a2e9c6c14446?s=96&d=mm&r=g","height":96,"width":96}},"publisher":{"@type":"Organization","name":"alast.cz","logo":{"@type":"ImageObject","@id":"\/logo.png","url":"\/logo.png","width":600,"height":60}},"image":{"@type":"ImageObject","@id":"https:\/\/www.alast.cz\/wp-content\/uploads\/img_a335328_w1697_t1548672096.jpg","url":"https:\/\/www.alast.cz\/wp-content\/uploads\/img_a335328_w1697_t1548672096.jpg","height":0,"width":0},"keywords":null},{"@type":"Article","@id":"https:\/\/www.alast.cz\/budte-skvelym-svedkem-na-svatbe\/","headline":"Bu\u010fte skv\u011bl\u00fdm sv\u011bdkem na svatb\u011b","url":"https:\/\/www.alast.cz\/budte-skvelym-svedkem-na-svatbe\/","datePublished":"2017-04-17","dateModified":"2017-04-17","mainEntityOfPage":"https:\/\/www.alast.cz\/budte-skvelym-svedkem-na-svatbe\/","author":{"@type":"Person","@id":"https:\/\/www.alast.cz\/author\/#Person","name":"","url":"https:\/\/www.alast.cz\/author\/","identifier":1,"image":{"@type":"ImageObject","@id":"https:\/\/secure.gravatar.com\/avatar\/591310831c6f562dead2685065c7bfb166baf64da6e0332ad9d0a2e9c6c14446?s=96&d=mm&r=g","url":"https:\/\/secure.gravatar.com\/avatar\/591310831c6f562dead2685065c7bfb166baf64da6e0332ad9d0a2e9c6c14446?s=96&d=mm&r=g","height":96,"width":96}},"publisher":{"@type":"Organization","name":"alast.cz","logo":{"@type":"ImageObject","@id":"\/logo.png","url":"\/logo.png","width":600,"height":60}},"image":{"@type":"ImageObject","@id":"https:\/\/www.alast.cz\/wp-content\/uploads\/img_a287061_w2061_t1497518913.jpg","url":"https:\/\/www.alast.cz\/wp-content\/uploads\/img_a287061_w2061_t1497518913.jpg","height":0,"width":0},"keywords":null}]}