{"@context":"https:\/\/schema.org\/","@type":"CollectionPage","@id":"https:\/\/www.alast.cz\/byznys\/#CollectionPage","headline":"Byznys Category","description":"","url":"https:\/\/www.alast.cz\/byznys\/","hasPart":[{"@type":"Article","@id":"https:\/\/www.alast.cz\/kde-najit-levne-ubytovani-v-ceskych-budejovicich\/","headline":"Kde naj\u00edt levn\u00e9 ubytov\u00e1n\u00ed v \u010cesk\u00fdch Bud\u011bjovic\u00edch?","url":"https:\/\/www.alast.cz\/kde-najit-levne-ubytovani-v-ceskych-budejovicich\/","datePublished":"2024-03-17","dateModified":"2024-04-17","mainEntityOfPage":"https:\/\/www.alast.cz\/kde-najit-levne-ubytovani-v-ceskych-budejovicich\/","author":{"@type":"Person","@id":"https:\/\/www.alast.cz\/author\/#Person","name":"","url":"https:\/\/www.alast.cz\/author\/","identifier":1,"image":{"@type":"ImageObject","@id":"https:\/\/secure.gravatar.com\/avatar\/591310831c6f562dead2685065c7bfb166baf64da6e0332ad9d0a2e9c6c14446?s=96&d=mm&r=g","url":"https:\/\/secure.gravatar.com\/avatar\/591310831c6f562dead2685065c7bfb166baf64da6e0332ad9d0a2e9c6c14446?s=96&d=mm&r=g","height":96,"width":96}},"publisher":{"@type":"Organization","name":"alast.cz","logo":{"@type":"ImageObject","@id":"\/logo.png","url":"\/logo.png","width":600,"height":60}},"image":{"@type":"ImageObject","@id":"https:\/\/www.alast.cz\/wp-content\/uploads\/pexels-pixabay-164595_6.jpg","url":"https:\/\/www.alast.cz\/wp-content\/uploads\/pexels-pixabay-164595_6.jpg","height":0,"width":0},"keywords":null},{"@type":"Article","@id":"https:\/\/www.alast.cz\/bez-kvalitnich-produktovych-fotek-muzete-vas-e-shop-rovnou-zabalit\/","headline":"Bez kvalitn\u00edch produktov\u00fdch fotek m\u016f\u017eete v\u00e1\u0161 e-shop rovnou zabalit","url":"https:\/\/www.alast.cz\/bez-kvalitnich-produktovych-fotek-muzete-vas-e-shop-rovnou-zabalit\/","datePublished":"2024-03-16","dateModified":"2024-04-16","mainEntityOfPage":"https:\/\/www.alast.cz\/bez-kvalitnich-produktovych-fotek-muzete-vas-e-shop-rovnou-zabalit\/","author":{"@type":"Person","@id":"https:\/\/www.alast.cz\/author\/#Person","name":"","url":"https:\/\/www.alast.cz\/author\/","identifier":1,"image":{"@type":"ImageObject","@id":"https:\/\/secure.gravatar.com\/avatar\/591310831c6f562dead2685065c7bfb166baf64da6e0332ad9d0a2e9c6c14446?s=96&d=mm&r=g","url":"https:\/\/secure.gravatar.com\/avatar\/591310831c6f562dead2685065c7bfb166baf64da6e0332ad9d0a2e9c6c14446?s=96&d=mm&r=g","height":96,"width":96}},"publisher":{"@type":"Organization","name":"alast.cz","logo":{"@type":"ImageObject","@id":"\/logo.png","url":"\/logo.png","width":600,"height":60}},"image":{"@type":"ImageObject","@id":"https:\/\/www.alast.cz\/wp-content\/uploads\/code-1076536_640_10_1.jpg","url":"https:\/\/www.alast.cz\/wp-content\/uploads\/code-1076536_640_10_1.jpg","height":0,"width":0},"keywords":null},{"@type":"Article","@id":"https:\/\/www.alast.cz\/aby-vas-elektricke-spotrebice-nevypekly\/","headline":"Aby v\u00e1s elektrick\u00e9 spot\u0159ebi\u010de nevypekly","url":"https:\/\/www.alast.cz\/aby-vas-elektricke-spotrebice-nevypekly\/","datePublished":"2024-03-15","dateModified":"2024-04-15","mainEntityOfPage":"https:\/\/www.alast.cz\/aby-vas-elektricke-spotrebice-nevypekly\/","author":{"@type":"Person","@id":"https:\/\/www.alast.cz\/author\/#Person","name":"","url":"https:\/\/www.alast.cz\/author\/","identifier":1,"image":{"@type":"ImageObject","@id":"https:\/\/secure.gravatar.com\/avatar\/591310831c6f562dead2685065c7bfb166baf64da6e0332ad9d0a2e9c6c14446?s=96&d=mm&r=g","url":"https:\/\/secure.gravatar.com\/avatar\/591310831c6f562dead2685065c7bfb166baf64da6e0332ad9d0a2e9c6c14446?s=96&d=mm&r=g","height":96,"width":96}},"publisher":{"@type":"Organization","name":"alast.cz","logo":{"@type":"ImageObject","@id":"\/logo.png","url":"\/logo.png","width":600,"height":60}},"image":{"@type":"ImageObject","@id":"https:\/\/www.alast.cz\/wp-content\/uploads\/distributor-1981648_640_6.jpg","url":"https:\/\/www.alast.cz\/wp-content\/uploads\/distributor-1981648_640_6.jpg","height":0,"width":0},"keywords":null},{"@type":"Article","@id":"https:\/\/www.alast.cz\/rodinny-vylet-s-detmi-bez-vlastniho-auta\/","headline":"Rodinn\u00fd v\u00fdlet s d\u011btmi bez vlastn\u00edho auta","url":"https:\/\/www.alast.cz\/rodinny-vylet-s-detmi-bez-vlastniho-auta\/","datePublished":"2024-02-26","dateModified":"2024-04-15","mainEntityOfPage":"https:\/\/www.alast.cz\/rodinny-vylet-s-detmi-bez-vlastniho-auta\/","author":{"@type":"Person","@id":"https:\/\/www.alast.cz\/author\/#Person","name":"","url":"https:\/\/www.alast.cz\/author\/","identifier":1,"image":{"@type":"ImageObject","@id":"https:\/\/secure.gravatar.com\/avatar\/591310831c6f562dead2685065c7bfb166baf64da6e0332ad9d0a2e9c6c14446?s=96&d=mm&r=g","url":"https:\/\/secure.gravatar.com\/avatar\/591310831c6f562dead2685065c7bfb166baf64da6e0332ad9d0a2e9c6c14446?s=96&d=mm&r=g","height":96,"width":96}},"publisher":{"@type":"Organization","name":"alast.cz","logo":{"@type":"ImageObject","@id":"\/logo.png","url":"\/logo.png","width":600,"height":60}},"image":{"@type":"ImageObject","@id":"https:\/\/www.alast.cz\/wp-content\/uploads\/highway-4629803_640.jpg","url":"https:\/\/www.alast.cz\/wp-content\/uploads\/highway-4629803_640.jpg","height":0,"width":0},"keywords":null},{"@type":"Article","@id":"https:\/\/www.alast.cz\/kdyz-vam-nekdo-nabidne-chladnicku\/","headline":"Kdy\u017e v\u00e1m n\u011bkdo nab\u00eddne chladni\u010dku","url":"https:\/\/www.alast.cz\/kdyz-vam-nekdo-nabidne-chladnicku\/","datePublished":"2024-01-29","dateModified":"2024-01-31","mainEntityOfPage":"https:\/\/www.alast.cz\/kdyz-vam-nekdo-nabidne-chladnicku\/","author":{"@type":"Person","@id":"https:\/\/www.alast.cz\/author\/#Person","name":"","url":"https:\/\/www.alast.cz\/author\/","identifier":1,"image":{"@type":"ImageObject","@id":"https:\/\/secure.gravatar.com\/avatar\/591310831c6f562dead2685065c7bfb166baf64da6e0332ad9d0a2e9c6c14446?s=96&d=mm&r=g","url":"https:\/\/secure.gravatar.com\/avatar\/591310831c6f562dead2685065c7bfb166baf64da6e0332ad9d0a2e9c6c14446?s=96&d=mm&r=g","height":96,"width":96}},"publisher":{"@type":"Organization","name":"alast.cz","logo":{"@type":"ImageObject","@id":"\/logo.png","url":"\/logo.png","width":600,"height":60}},"image":{"@type":"ImageObject","@id":"https:\/\/www.alast.cz\/wp-content\/uploads\/shopping-879498_640_6.jpg","url":"https:\/\/www.alast.cz\/wp-content\/uploads\/shopping-879498_640_6.jpg","height":0,"width":0},"keywords":null},{"@type":"Article","@id":"https:\/\/www.alast.cz\/jak-to-mate-s-uklidem-bytoveho-domu\/","headline":"Jak to m\u00e1te s \u00faklidem bytov\u00e9ho domu","url":"https:\/\/www.alast.cz\/jak-to-mate-s-uklidem-bytoveho-domu\/","datePublished":"2024-01-14","dateModified":"2024-02-16","mainEntityOfPage":"https:\/\/www.alast.cz\/jak-to-mate-s-uklidem-bytoveho-domu\/","author":{"@type":"Person","@id":"https:\/\/www.alast.cz\/author\/#Person","name":"","url":"https:\/\/www.alast.cz\/author\/","identifier":1,"image":{"@type":"ImageObject","@id":"https:\/\/secure.gravatar.com\/avatar\/591310831c6f562dead2685065c7bfb166baf64da6e0332ad9d0a2e9c6c14446?s=96&d=mm&r=g","url":"https:\/\/secure.gravatar.com\/avatar\/591310831c6f562dead2685065c7bfb166baf64da6e0332ad9d0a2e9c6c14446?s=96&d=mm&r=g","height":96,"width":96}},"publisher":{"@type":"Organization","name":"alast.cz","logo":{"@type":"ImageObject","@id":"\/logo.png","url":"\/logo.png","width":600,"height":60}},"image":{"@type":"ImageObject","@id":"https:\/\/www.alast.cz\/wp-content\/uploads\/residential-building-7068830_640_1.jpg","url":"https:\/\/www.alast.cz\/wp-content\/uploads\/residential-building-7068830_640_1.jpg","height":0,"width":0},"keywords":null},{"@type":"Article","@id":"https:\/\/www.alast.cz\/proc-studovat-it-kurz-na-dalku-pres-internet\/","headline":"Pro\u010d studovat IT kurz na d\u00e1lku p\u0159es Internet","url":"https:\/\/www.alast.cz\/proc-studovat-it-kurz-na-dalku-pres-internet\/","datePublished":"2023-11-29","dateModified":"2023-11-29","mainEntityOfPage":"https:\/\/www.alast.cz\/proc-studovat-it-kurz-na-dalku-pres-internet\/","author":{"@type":"Person","@id":"https:\/\/www.alast.cz\/author\/#Person","name":"","url":"https:\/\/www.alast.cz\/author\/","identifier":1,"image":{"@type":"ImageObject","@id":"https:\/\/secure.gravatar.com\/avatar\/591310831c6f562dead2685065c7bfb166baf64da6e0332ad9d0a2e9c6c14446?s=96&d=mm&r=g","url":"https:\/\/secure.gravatar.com\/avatar\/591310831c6f562dead2685065c7bfb166baf64da6e0332ad9d0a2e9c6c14446?s=96&d=mm&r=g","height":96,"width":96}},"publisher":{"@type":"Organization","name":"alast.cz","logo":{"@type":"ImageObject","@id":"\/logo.png","url":"\/logo.png","width":600,"height":60}},"image":{"@type":"ImageObject","@id":"https:\/\/www.alast.cz\/wp-content\/uploads\/code-820275_640_6.jpg","url":"https:\/\/www.alast.cz\/wp-content\/uploads\/code-820275_640_6.jpg","height":0,"width":0},"keywords":null},{"@type":"Article","@id":"https:\/\/www.alast.cz\/virtualni-trvaly-pobyt-v-praze-moderni-zpusob-ziskani-pravniho-rezidentstvi\/","headline":"Virtu\u00e1ln\u00ed trval\u00fd pobyt v Praze: Modern\u00ed zp\u016fsob z\u00edsk\u00e1n\u00ed pr\u00e1vn\u00edho rezidentstv\u00ed","url":"https:\/\/www.alast.cz\/virtualni-trvaly-pobyt-v-praze-moderni-zpusob-ziskani-pravniho-rezidentstvi\/","datePublished":"2023-09-26","dateModified":"2023-10-30","mainEntityOfPage":"https:\/\/www.alast.cz\/virtualni-trvaly-pobyt-v-praze-moderni-zpusob-ziskani-pravniho-rezidentstvi\/","author":{"@type":"Person","@id":"https:\/\/www.alast.cz\/author\/#Person","name":"","url":"https:\/\/www.alast.cz\/author\/","identifier":1,"image":{"@type":"ImageObject","@id":"https:\/\/secure.gravatar.com\/avatar\/591310831c6f562dead2685065c7bfb166baf64da6e0332ad9d0a2e9c6c14446?s=96&d=mm&r=g","url":"https:\/\/secure.gravatar.com\/avatar\/591310831c6f562dead2685065c7bfb166baf64da6e0332ad9d0a2e9c6c14446?s=96&d=mm&r=g","height":96,"width":96}},"publisher":{"@type":"Organization","name":"alast.cz","logo":{"@type":"ImageObject","@id":"\/logo.png","url":"\/logo.png","width":600,"height":60}},"image":{"@type":"ImageObject","@id":"https:\/\/www.alast.cz\/wp-content\/uploads\/software-developer-6521720_1280_1.jpg","url":"https:\/\/www.alast.cz\/wp-content\/uploads\/software-developer-6521720_1280_1.jpg","height":0,"width":0},"keywords":null},{"@type":"Article","@id":"https:\/\/www.alast.cz\/pripravte-se-na-zimni-stehovani-dukladne\/","headline":"P\u0159ipravte se na zimn\u00ed st\u011bhov\u00e1n\u00ed d\u016fkladn\u011b","url":"https:\/\/www.alast.cz\/pripravte-se-na-zimni-stehovani-dukladne\/","datePublished":"2023-09-20","dateModified":"2023-10-23","mainEntityOfPage":"https:\/\/www.alast.cz\/pripravte-se-na-zimni-stehovani-dukladne\/","author":{"@type":"Person","@id":"https:\/\/www.alast.cz\/author\/#Person","name":"","url":"https:\/\/www.alast.cz\/author\/","identifier":1,"image":{"@type":"ImageObject","@id":"https:\/\/secure.gravatar.com\/avatar\/591310831c6f562dead2685065c7bfb166baf64da6e0332ad9d0a2e9c6c14446?s=96&d=mm&r=g","url":"https:\/\/secure.gravatar.com\/avatar\/591310831c6f562dead2685065c7bfb166baf64da6e0332ad9d0a2e9c6c14446?s=96&d=mm&r=g","height":96,"width":96}},"publisher":{"@type":"Organization","name":"alast.cz","logo":{"@type":"ImageObject","@id":"\/logo.png","url":"\/logo.png","width":600,"height":60}},"image":{"@type":"ImageObject","@id":"https:\/\/www.alast.cz\/wp-content\/uploads\/cardboard-5144898_640_6.jpg","url":"https:\/\/www.alast.cz\/wp-content\/uploads\/cardboard-5144898_640_6.jpg","height":0,"width":0},"keywords":null},{"@type":"Article","@id":"https:\/\/www.alast.cz\/bez-sidla-neni-firma\/","headline":"Bez s\u00eddla nen\u00ed firma","url":"https:\/\/www.alast.cz\/bez-sidla-neni-firma\/","datePublished":"2023-08-29","dateModified":"2023-10-02","mainEntityOfPage":"https:\/\/www.alast.cz\/bez-sidla-neni-firma\/","author":{"@type":"Person","@id":"https:\/\/www.alast.cz\/author\/#Person","name":"","url":"https:\/\/www.alast.cz\/author\/","identifier":1,"image":{"@type":"ImageObject","@id":"https:\/\/secure.gravatar.com\/avatar\/591310831c6f562dead2685065c7bfb166baf64da6e0332ad9d0a2e9c6c14446?s=96&d=mm&r=g","url":"https:\/\/secure.gravatar.com\/avatar\/591310831c6f562dead2685065c7bfb166baf64da6e0332ad9d0a2e9c6c14446?s=96&d=mm&r=g","height":96,"width":96}},"publisher":{"@type":"Organization","name":"alast.cz","logo":{"@type":"ImageObject","@id":"\/logo.png","url":"\/logo.png","width":600,"height":60}},"image":{"@type":"ImageObject","@id":"https:\/\/www.alast.cz\/wp-content\/uploads\/fff_10_8.jpg","url":"https:\/\/www.alast.cz\/wp-content\/uploads\/fff_10_8.jpg","height":0,"width":0},"keywords":null}]}